{"id":397,"date":"2023-12-21T10:05:54","date_gmt":"2023-12-21T09:05:54","guid":{"rendered":"http:\/\/www.gruenthal-liebenstein.de\/wordpress\/?p=397"},"modified":"2023-12-21T12:11:16","modified_gmt":"2023-12-21T11:11:16","slug":"nussschiessen-am-05-01-2024","status":"publish","type":"post","link":"http:\/\/www.gruenthal-liebenstein.de\/wordpress\/?p=397","title":{"rendered":"Nussschie\u00dfen am 05.01.2024"},"content":{"rendered":"\n<p>Die Sch\u00fctzengesellschaft \u201eGr\u00fcnthal\u201c Liebenstein e.V. l\u00e4dt recht herzlich ein zum Nussschie\u00dfen<br>im Sch\u00fctzenheim Liebenstein am Freitag, den 5. Januar 2024 ab 19.00 Uhr.<\/p>\n\n\n\n<figure class=\"wp-block-image size-medium\"><a href=\"http:\/\/www.gruenthal-liebenstein.de\/wordpress\/wp-content\/uploads\/2023\/12\/Nussschiessen2024_1.png\" data-rel=\"lightbox-image-0\" data-rl_title=\"\" data-rl_caption=\"\" title=\"\"><img loading=\"lazy\" decoding=\"async\" width=\"201\" height=\"300\" src=\"http:\/\/www.gruenthal-liebenstein.de\/wordpress\/wp-content\/uploads\/2023\/12\/Nussschiessen2024_1-201x300.png\" alt=\"\" class=\"wp-image-403\" srcset=\"http:\/\/www.gruenthal-liebenstein.de\/wordpress\/wp-content\/uploads\/2023\/12\/Nussschiessen2024_1-201x300.png 201w, http:\/\/www.gruenthal-liebenstein.de\/wordpress\/wp-content\/uploads\/2023\/12\/Nussschiessen2024_1.png 549w\" sizes=\"auto, (max-width: 201px) 100vw, 201px\" \/><\/a><\/figure>\n","protected":false},"excerpt":{"rendered":"<p>Die Sch\u00fctzengesellschaft \u201eGr\u00fcnthal\u201c Liebenstein e.V. l\u00e4dt recht herzlich ein zum Nussschie\u00dfenim Sch\u00fctzenheim Liebenstein am Freitag, den 5. Januar 2024 ab 19.00 Uhr.<\/p>\n","protected":false},"author":1,"featured_media":0,"comment_status":"closed","ping_status":"closed","sticky":false,"template":"","format":"standard","meta":{"footnotes":""},"categories":[1],"tags":[],"class_list":["post-397","post","type-post","status-publish","format-standard","hentry","category-allgemein"],"_links":{"self":[{"href":"http:\/\/www.gruenthal-liebenstein.de\/wordpress\/index.php?rest_route=\/wp\/v2\/posts\/397","targetHints":{"allow":["GET"]}}],"collection":[{"href":"http:\/\/www.gruenthal-liebenstein.de\/wordpress\/index.php?rest_route=\/wp\/v2\/posts"}],"about":[{"href":"http:\/\/www.gruenthal-liebenstein.de\/wordpress\/index.php?rest_route=\/wp\/v2\/types\/post"}],"author":[{"embeddable":true,"href":"http:\/\/www.gruenthal-liebenstein.de\/wordpress\/index.php?rest_route=\/wp\/v2\/users\/1"}],"replies":[{"embeddable":true,"href":"http:\/\/www.gruenthal-liebenstein.de\/wordpress\/index.php?rest_route=%2Fwp%2Fv2%2Fcomments&post=397"}],"version-history":[{"count":3,"href":"http:\/\/www.gruenthal-liebenstein.de\/wordpress\/index.php?rest_route=\/wp\/v2\/posts\/397\/revisions"}],"predecessor-version":[{"id":405,"href":"http:\/\/www.gruenthal-liebenstein.de\/wordpress\/index.php?rest_route=\/wp\/v2\/posts\/397\/revisions\/405"}],"wp:attachment":[{"href":"http:\/\/www.gruenthal-liebenstein.de\/wordpress\/index.php?rest_route=%2Fwp%2Fv2%2Fmedia&parent=397"}],"wp:term":[{"taxonomy":"category","embeddable":true,"href":"http:\/\/www.gruenthal-liebenstein.de\/wordpress\/index.php?rest_route=%2Fwp%2Fv2%2Fcategories&post=397"},{"taxonomy":"post_tag","embeddable":true,"href":"http:\/\/www.gruenthal-liebenstein.de\/wordpress\/index.php?rest_route=%2Fwp%2Fv2%2Ftags&post=397"}],"curies":[{"name":"wp","href":"https:\/\/api.w.org\/{rel}","templated":true}]}}