{"id":311,"date":"2022-05-19T11:01:19","date_gmt":"2022-05-19T09:01:19","guid":{"rendered":"http:\/\/www.gruenthal-liebenstein.de\/wordpress\/?p=311"},"modified":"2022-05-19T11:01:19","modified_gmt":"2022-05-19T09:01:19","slug":"einladung-zur-jhv-mit-koenigsproklamation-am-04-06-2022","status":"publish","type":"post","link":"http:\/\/www.gruenthal-liebenstein.de\/wordpress\/?p=311","title":{"rendered":"Einladung zur JHV mit K\u00f6nigsproklamation am 04.06.2022"},"content":{"rendered":"\n<p>Hallo und Servus,<\/p>\n\n\n\n<p>m\u00f6chte alle Mitglieder recht herzlich zu unserer Jahreshauptversammlung mit Ehrungen und Neuwahlen einladen.<br>Die Jahreshauptversammlung beginnt um 19.30 Uhr.<\/p>\n\n\n\n<p>Im Anschluss an die JHV wird die diesj\u00e4hrige K\u00f6nigsproklamation durchgef\u00fchrt.<\/p>\n\n\n\n<p>Mit freundlichen Gr\u00fc\u00dfen<br>Bernhard Weber<\/p>\n\n\n\n<figure class=\"wp-block-image size-medium\"><a href=\"http:\/\/www.gruenthal-liebenstein.de\/wordpress\/wp-content\/uploads\/2022\/05\/JHV2022.png\" data-rel=\"lightbox-image-0\" data-rl_title=\"\" data-rl_caption=\"\" title=\"\"><img loading=\"lazy\" decoding=\"async\" width=\"209\" height=\"300\" src=\"http:\/\/www.gruenthal-liebenstein.de\/wordpress\/wp-content\/uploads\/2022\/05\/JHV2022-209x300.png\" alt=\"\" class=\"wp-image-312\" srcset=\"http:\/\/www.gruenthal-liebenstein.de\/wordpress\/wp-content\/uploads\/2022\/05\/JHV2022-209x300.png 209w, http:\/\/www.gruenthal-liebenstein.de\/wordpress\/wp-content\/uploads\/2022\/05\/JHV2022.png 560w\" sizes=\"auto, (max-width: 209px) 100vw, 209px\" \/><\/a><\/figure>\n","protected":false},"excerpt":{"rendered":"<p>Hallo und Servus, m\u00f6chte alle Mitglieder recht herzlich zu unserer Jahreshauptversammlung mit Ehrungen und Neuwahlen einladen.Die Jahreshauptversammlung beginnt um 19.30 Uhr. Im Anschluss an die JHV wird die diesj\u00e4hrige K\u00f6nigsproklamation durchgef\u00fchrt. Mit freundlichen Gr\u00fc\u00dfenBernhard Weber<\/p>\n","protected":false},"author":1,"featured_media":0,"comment_status":"closed","ping_status":"closed","sticky":false,"template":"","format":"standard","meta":{"footnotes":""},"categories":[1],"tags":[],"class_list":["post-311","post","type-post","status-publish","format-standard","hentry","category-allgemein"],"_links":{"self":[{"href":"http:\/\/www.gruenthal-liebenstein.de\/wordpress\/index.php?rest_route=\/wp\/v2\/posts\/311","targetHints":{"allow":["GET"]}}],"collection":[{"href":"http:\/\/www.gruenthal-liebenstein.de\/wordpress\/index.php?rest_route=\/wp\/v2\/posts"}],"about":[{"href":"http:\/\/www.gruenthal-liebenstein.de\/wordpress\/index.php?rest_route=\/wp\/v2\/types\/post"}],"author":[{"embeddable":true,"href":"http:\/\/www.gruenthal-liebenstein.de\/wordpress\/index.php?rest_route=\/wp\/v2\/users\/1"}],"replies":[{"embeddable":true,"href":"http:\/\/www.gruenthal-liebenstein.de\/wordpress\/index.php?rest_route=%2Fwp%2Fv2%2Fcomments&post=311"}],"version-history":[{"count":1,"href":"http:\/\/www.gruenthal-liebenstein.de\/wordpress\/index.php?rest_route=\/wp\/v2\/posts\/311\/revisions"}],"predecessor-version":[{"id":313,"href":"http:\/\/www.gruenthal-liebenstein.de\/wordpress\/index.php?rest_route=\/wp\/v2\/posts\/311\/revisions\/313"}],"wp:attachment":[{"href":"http:\/\/www.gruenthal-liebenstein.de\/wordpress\/index.php?rest_route=%2Fwp%2Fv2%2Fmedia&parent=311"}],"wp:term":[{"taxonomy":"category","embeddable":true,"href":"http:\/\/www.gruenthal-liebenstein.de\/wordpress\/index.php?rest_route=%2Fwp%2Fv2%2Fcategories&post=311"},{"taxonomy":"post_tag","embeddable":true,"href":"http:\/\/www.gruenthal-liebenstein.de\/wordpress\/index.php?rest_route=%2Fwp%2Fv2%2Ftags&post=311"}],"curies":[{"name":"wp","href":"https:\/\/api.w.org\/{rel}","templated":true}]}}