{"id":143,"date":"2018-04-10T16:42:32","date_gmt":"2018-04-10T14:42:32","guid":{"rendered":"http:\/\/www.gruenthal-liebenstein.de\/wordpress\/?p=143"},"modified":"2018-04-10T16:42:32","modified_gmt":"2018-04-10T14:42:32","slug":"jahreshauptversammlung-2018","status":"publish","type":"post","link":"http:\/\/www.gruenthal-liebenstein.de\/wordpress\/?p=143","title":{"rendered":"Jahreshauptversammlung 2018"},"content":{"rendered":"<p>Jahreshauptversammlung bei den \u201eGr\u00fcnthal\u201c Sch\u00fctzen in Liebenstein<\/p>\n<p>Am vergangen Samstag fand im Sch\u00fctzenheim Liebenstein die Jahreshauptversammlung der \u201eGr\u00fcnthal\u201c Sch\u00fctzen statt.<br \/>\nIm Mittelpunkt standen besonders die Neuwahlen.<\/p>\n<p>Es h\u00e4tte der letzte Jahresbericht von Sch\u00fctzenmeister Bernhard Weber werden sollen. Da er sein Amt nach 24 j\u00e4hriger T\u00e4tigkeit in der Vorstandschaft und davon 14 Jahre an der Spitze des Vereins abgeben und f\u00fcr eine Wiederwahl nicht mehr kandidieren wollte.<\/p>\n<p>1.Sch\u00fctzenmeister Bernhard Weber begr\u00fc\u00dfte 41 Mitglieder und den 1.Gausch\u00fctzenmeister Manfred Z\u00f6lch zur diesj\u00e4hrigen Jahreshauptversammlung und freute sich \u00fcber das zahlreiche Kommen.<br \/>\nIn seinem Bericht erinnerte Weber an die verschiedenen Schie\u00dfen und Veranstaltungen w\u00e4hrend des vergangenen Jahres.<br \/>\nSo wurde wieder das Nussschie\u00dfen, K\u00f6nigschie\u00dfen und Kirchweihschie\u00dfen ausgetragen und eine Faschingsparty, das Starkbierfest, ein Gartenfest an Fronleichnam und ein erfolgreicher Preisschafkopf wieder abgehalten.<br \/>\nDen Preisschafkopf nannte Weber als mittlerweile weit \u00fcber die Marktgrenzen als sehr bekannt und beliebt.<br \/>\nBei der K\u00f6nigsfeier konnten der Sch\u00fctzenk\u00f6nig Fabian Rosenberger und der Jungsch\u00fctzenk\u00f6nig Niklas Z\u00f6lch gek\u00fcrt werden.<br \/>\nErfreut war Weber auch dar\u00fcber das man beim Gauk\u00f6nigsschie\u00dfen in Wondreb wieder bei der Meistbeteiligung den 1.Platz erreicht und sich somit wieder die 50 l Freibier abholen konnte.<br \/>\nMit dem Gewinn des Gauk\u00f6nigstitel mit der Luftpistole in der Sch\u00fctzenklasse von Martin Z\u00f6lch konnte letztes Jahres nun zum dritten mal in Folge ein Gauk\u00f6nigtitel nach Liebenstein geholt werden. Dieser Gewinn wurde auch bei einem Empfang geb\u00fchrend im Sch\u00fctzenheim gefeiert.<br \/>\nIm Jugendbereich freue man sich \u00fcber eine sehr starke Jugendgruppe in der man 2017 insgesamt 15 Neuaufnahmen verzeichnen konnte.<br \/>\nWeber dankte hier besonders Claudia Kutzer und Franziska Z\u00f6lch und alle Ihren Helfern und Helferinnen die Sie bei der Jugendarbeit unterst\u00fctzen.<br \/>\nBei den Punkt Anschaffungen erw\u00e4hnte Weber den Einbau einer Abluftanlage im Schie\u00dfraum sowie im Gastraum und den Kauf eines vereineigenen Laptops.<\/p>\n<p>Sportleiter Philipp Z\u00f6lch berichtete von sportlichen Geschehen und Ergebnissen und den aktuellen St\u00e4nden bei den Rundenwettk\u00e4mpfen.<br \/>\nAm Rundenwettkampf nehmen zurzeit drei Luftgewehr und zwei Luftpistolenmannschaften teil.<br \/>\nBesonders erfreut war Z\u00f6lch vom Gewinn des Wanderpokales LP\/LG beim Kreisschie\u00dfen in Wildenau den erneuten Gewinn eines Gauk\u00f6nigstitel f\u00fcr die Liebensteiner Sch\u00fctzen und \u00fcber die sehr starke Jugendarbeit im Verein.<br \/>\nKassier Martin Fehr legte einen detalierten Kassenbericht vor und stellte klar das trotz der Anschaffungen und der Unkosten f\u00fcr das Sch\u00fctzenheim sehr gut gewirtschaftet wurde.<br \/>\nBei seinem Gru\u00dfwort lobte Gausch\u00fctzenmeister Manfred Z\u00f6lch die sehr gute Jugendarbeit und die j\u00e4hrliche zahlreiche Teilnahme am Gauschie\u00dfen. Z\u00f6lch betonte dass die vielen verschiedenen Aktivit\u00e4ten und Veranstaltungen des Vereins nur gemeinsam gemeistert werden k\u00f6nnten.<br \/>\nBei den Neuwahlen standen \u00c4nderungen fest da 2. Schriftf\u00fchrer Matthias Ziegler und Beisitzer Gerald Bauer nach langj\u00e4hriger Mitarbeit nicht mehr kandidierten.<br \/>\nEbenso auch 1. Sch\u00fctzenmeister Bernhard Weber wollte nach 24 Jahren als Mitglied in der Vorstandschaft sein Amt zur Verf\u00fcgung stellen.<br \/>\nDies f\u00fchrte aber zu einer sehr langen Diskussionsrunde die Wahlleiter Manfred Z\u00f6lch \u00fcbernahm wie es den dann weiter gehen w\u00fcrde. Es wurden auch klar gestellt was bei einer nicht Besetzung des Posten passieren w\u00fcrde.<br \/>\nEs fand sich aber in der Versammlung keiner der das Amt des 1. Sch\u00fctzenmeisters \u00fcbernehmen wollte.<br \/>\nNach 45 min\u00fctiger Diskussion und Verhandlungspausen erkl\u00e4rte Weber sich bereit noch einmal f\u00fcr zwei Jahre das Amt zu \u00fcbernehmen und stellte auch ganz klar fest wenn sich die Einstellung und Bereitschaft bei den Mitgliedern an der Teilnahme an verschiedenen Vereinsterminen nicht positiv \u00e4ndern w\u00fcrde, dieses Amt auch fr\u00fcher wieder abzulegen auch ohne regul\u00e4ren Neuwahlen.<br \/>\nDas Ergebnis der Neuwahlen ergab folgende Besetzung.<br \/>\n1.Sch\u00fctzenmeister Bernhard Weber 2. Sch\u00fctzenmeister Tobias Beer<br \/>\n1.Sportleiter Philipp Z\u00f6lch 2.Sportleiterin Claudia Kutzer<br \/>\n1.Kassier Martin Fehr 2.Kassier Martin Z\u00f6lch<br \/>\n1.Schriftf\u00fchrer Tobias H\u00e4ring 2.Schriftf\u00fchrer Bernhard Ziegler<br \/>\nBeisitzer Maximilian Schuller, Christian Gmeiner und Rudi Rath.<br \/>\nKassenpr\u00fcfer Martin Schmid und Wolfgang Gmeiner.<\/p>\n<p>Nach den Wahlen wurde noch den beiden ausgeschiedenen Vorstandschaftsmitglieder Matthias Ziegler und Gerald Bauer mit einem kleinen Pr\u00e4sent gedankt.<\/p>\n<p>Beim Punkt W\u00fcnsche und Verschiedenes stellte Weber klar dass dringend Helfer und Helferinnen f\u00fcr das reinigen des Sch\u00fctzenheimes<br \/>\ngesucht werden. Hier appellierte er an die Mitglieder mitzuhelfen und sich bei Ihm zu melden. Da bereits ja der Sch\u00fctzenheimdienst von der Vorstandschaft erledigt wird um man nicht alles auf die Vorstandschaft abw\u00e4lzen sollte den schlie\u00dflich geh\u00f6re das Vereinsheim auch allen Mitgliedern und k\u00f6nne auch von jedem genutzt werden.<\/p>\n<p>Beim Punkt Termine gab Weber bekannt dass man in diesem Jahr viele Veranstaltungen habe und an vier Kirch- und vier Festz\u00fcgen teilnehmen werde und bat hier bereits um zahlreiche Teilnahme.<br \/>\nEs werde noch der Stiftl\u00e4nder Abend und der Bezirksch\u00fctzentag in Konnersreuth besucht.<br \/>\nDer j\u00e4hrliche Preisschafkopf wird am Sa. 10.11. im Sch\u00fctzenheim abgehalten und am 18.11. findet der Gaujugendtag des Stiftlandgaues in Liebenstein statt.<\/p>\n<p><a href=\"http:\/\/www.gruenthal-liebenstein.de\/wordpress\/wp-content\/uploads\/2018\/04\/DSCF2917.jpg\" target=\"_blank\" rel=\"noopener\" data-rel=\"lightbox-image-0\" data-rl_title=\"\" data-rl_caption=\"\" title=\"\"><img loading=\"lazy\" decoding=\"async\" class=\"alignnone wp-image-144 size-medium\" src=\"http:\/\/www.gruenthal-liebenstein.de\/wordpress\/wp-content\/uploads\/2018\/04\/DSCF2917-300x169.jpg\" alt=\"\" width=\"300\" height=\"169\" srcset=\"http:\/\/www.gruenthal-liebenstein.de\/wordpress\/wp-content\/uploads\/2018\/04\/DSCF2917-300x169.jpg 300w, http:\/\/www.gruenthal-liebenstein.de\/wordpress\/wp-content\/uploads\/2018\/04\/DSCF2917-768x433.jpg 768w, http:\/\/www.gruenthal-liebenstein.de\/wordpress\/wp-content\/uploads\/2018\/04\/DSCF2917-1024x577.jpg 1024w\" sizes=\"auto, (max-width: 300px) 100vw, 300px\" \/><\/a> <a href=\"http:\/\/www.gruenthal-liebenstein.de\/wordpress\/wp-content\/uploads\/2018\/04\/DSCF2914.jpg\" target=\"_blank\" rel=\"noopener\" data-rel=\"lightbox-image-1\" data-rl_title=\"\" data-rl_caption=\"\" title=\"\"><img loading=\"lazy\" decoding=\"async\" class=\"alignnone wp-image-145 size-medium\" src=\"http:\/\/www.gruenthal-liebenstein.de\/wordpress\/wp-content\/uploads\/2018\/04\/DSCF2914-300x169.jpg\" alt=\"\" width=\"300\" height=\"169\" srcset=\"http:\/\/www.gruenthal-liebenstein.de\/wordpress\/wp-content\/uploads\/2018\/04\/DSCF2914-300x169.jpg 300w, http:\/\/www.gruenthal-liebenstein.de\/wordpress\/wp-content\/uploads\/2018\/04\/DSCF2914-768x433.jpg 768w, http:\/\/www.gruenthal-liebenstein.de\/wordpress\/wp-content\/uploads\/2018\/04\/DSCF2914-1024x577.jpg 1024w\" sizes=\"auto, (max-width: 300px) 100vw, 300px\" \/><\/a><\/p>\n","protected":false},"excerpt":{"rendered":"<p>Jahreshauptversammlung bei den \u201eGr\u00fcnthal\u201c Sch\u00fctzen in Liebenstein Am vergangen Samstag fand im Sch\u00fctzenheim Liebenstein die Jahreshauptversammlung der \u201eGr\u00fcnthal\u201c Sch\u00fctzen statt. Im Mittelpunkt standen besonders die Neuwahlen. Es h\u00e4tte der letzte Jahresbericht von Sch\u00fctzenmeister Bernhard Weber werden sollen. Da er sein &hellip; <a href=\"http:\/\/www.gruenthal-liebenstein.de\/wordpress\/?p=143\">Weiterlesen <span class=\"meta-nav\">&rarr;<\/span><\/a><\/p>\n","protected":false},"author":1,"featured_media":0,"comment_status":"closed","ping_status":"closed","sticky":false,"template":"","format":"standard","meta":{"footnotes":""},"categories":[1],"tags":[],"class_list":["post-143","post","type-post","status-publish","format-standard","hentry","category-allgemein"],"_links":{"self":[{"href":"http:\/\/www.gruenthal-liebenstein.de\/wordpress\/index.php?rest_route=\/wp\/v2\/posts\/143","targetHints":{"allow":["GET"]}}],"collection":[{"href":"http:\/\/www.gruenthal-liebenstein.de\/wordpress\/index.php?rest_route=\/wp\/v2\/posts"}],"about":[{"href":"http:\/\/www.gruenthal-liebenstein.de\/wordpress\/index.php?rest_route=\/wp\/v2\/types\/post"}],"author":[{"embeddable":true,"href":"http:\/\/www.gruenthal-liebenstein.de\/wordpress\/index.php?rest_route=\/wp\/v2\/users\/1"}],"replies":[{"embeddable":true,"href":"http:\/\/www.gruenthal-liebenstein.de\/wordpress\/index.php?rest_route=%2Fwp%2Fv2%2Fcomments&post=143"}],"version-history":[{"count":1,"href":"http:\/\/www.gruenthal-liebenstein.de\/wordpress\/index.php?rest_route=\/wp\/v2\/posts\/143\/revisions"}],"predecessor-version":[{"id":147,"href":"http:\/\/www.gruenthal-liebenstein.de\/wordpress\/index.php?rest_route=\/wp\/v2\/posts\/143\/revisions\/147"}],"wp:attachment":[{"href":"http:\/\/www.gruenthal-liebenstein.de\/wordpress\/index.php?rest_route=%2Fwp%2Fv2%2Fmedia&parent=143"}],"wp:term":[{"taxonomy":"category","embeddable":true,"href":"http:\/\/www.gruenthal-liebenstein.de\/wordpress\/index.php?rest_route=%2Fwp%2Fv2%2Fcategories&post=143"},{"taxonomy":"post_tag","embeddable":true,"href":"http:\/\/www.gruenthal-liebenstein.de\/wordpress\/index.php?rest_route=%2Fwp%2Fv2%2Ftags&post=143"}],"curies":[{"name":"wp","href":"https:\/\/api.w.org\/{rel}","templated":true}]}}