{"id":138,"date":"2018-04-10T16:38:27","date_gmt":"2018-04-10T14:38:27","guid":{"rendered":"http:\/\/www.gruenthal-liebenstein.de\/wordpress\/?p=138"},"modified":"2018-04-10T16:39:38","modified_gmt":"2018-04-10T14:39:38","slug":"ehrungen-schuetzen-2018","status":"publish","type":"post","link":"http:\/\/www.gruenthal-liebenstein.de\/wordpress\/?p=138","title":{"rendered":"Ehrungen Sch\u00fctzen 2018"},"content":{"rendered":"<p><a href=\"http:\/\/www.gruenthal-liebenstein.de\/wordpress\/wp-content\/uploads\/2018\/04\/Ehrungen-Foto-I.jpg\" target=\"_blank\" rel=\"noopener\" data-rel=\"lightbox-image-0\" data-rl_title=\"\" data-rl_caption=\"\" title=\"\"><img loading=\"lazy\" decoding=\"async\" class=\"alignnone wp-image-139 size-medium\" src=\"http:\/\/www.gruenthal-liebenstein.de\/wordpress\/wp-content\/uploads\/2018\/04\/Ehrungen-Foto-I-300x169.jpg\" alt=\"\" width=\"300\" height=\"169\" srcset=\"http:\/\/www.gruenthal-liebenstein.de\/wordpress\/wp-content\/uploads\/2018\/04\/Ehrungen-Foto-I-300x169.jpg 300w, http:\/\/www.gruenthal-liebenstein.de\/wordpress\/wp-content\/uploads\/2018\/04\/Ehrungen-Foto-I-768x433.jpg 768w, http:\/\/www.gruenthal-liebenstein.de\/wordpress\/wp-content\/uploads\/2018\/04\/Ehrungen-Foto-I-1024x577.jpg 1024w\" sizes=\"auto, (max-width: 300px) 100vw, 300px\" \/><\/a> <a href=\"http:\/\/www.gruenthal-liebenstein.de\/wordpress\/wp-content\/uploads\/2018\/04\/Ehrungen-Foto-II.jpg\" target=\"_blank\" rel=\"noopener\" data-rel=\"lightbox-image-1\" data-rl_title=\"\" data-rl_caption=\"\" title=\"\"><img loading=\"lazy\" decoding=\"async\" class=\"alignnone wp-image-140 size-medium\" src=\"http:\/\/www.gruenthal-liebenstein.de\/wordpress\/wp-content\/uploads\/2018\/04\/Ehrungen-Foto-II-300x169.jpg\" alt=\"\" width=\"300\" height=\"169\" srcset=\"http:\/\/www.gruenthal-liebenstein.de\/wordpress\/wp-content\/uploads\/2018\/04\/Ehrungen-Foto-II-300x169.jpg 300w, http:\/\/www.gruenthal-liebenstein.de\/wordpress\/wp-content\/uploads\/2018\/04\/Ehrungen-Foto-II-768x433.jpg 768w, http:\/\/www.gruenthal-liebenstein.de\/wordpress\/wp-content\/uploads\/2018\/04\/Ehrungen-Foto-II-1024x577.jpg 1024w\" sizes=\"auto, (max-width: 300px) 100vw, 300px\" \/><\/a>Ehrungen langj\u00e4hriger und verdienter Mitglieder bei den \u201eGr\u00fcnthal\u201c Sch\u00fctzen in Liebenstein<\/p>\n<p>Liebenstein:<\/p>\n<p>Im Sch\u00fctzenheim Liebenstein fand ein Ehrenabend der Sch\u00fctzengesellschaft \u201eGr\u00fcnthal\u201c Liebenstein statt. Bei diesem Anlass wurden verdiente und langj\u00e4hrige Mitglieder f\u00fcr Ihre 25, 50 und sogar 60 j\u00e4hrige Mitgliedschaft geehrt.<br \/>\n1. Sch\u00fctzenmeister Bernhard Weber begr\u00fc\u00dfte alle anwesenden zu ehrenden Mitglieder und vom Stiftlandgau den 1. Gausch\u00fctzenmeister Manfred Z\u00f6lch der die Urkunden und die verschiedenen Ehrennadeln des Stiftlandgaues, des Sch\u00fctzenbezirks Oberpfalz vom Bayerischen und vom Deutschen Sportsch\u00fctzenbund mitgebracht hat.<br \/>\nWeber und Z\u00f6lch erkl\u00e4rten beide bei Ihren Begr\u00fc\u00dfungsworten wie wichtig es sei Mitglieder zu haben die zu Ihrem Verein stehen diesem auch nach besten M\u00f6glichkeiten unterst\u00fctzen und dem Verein \u00fcber viele Jahre die Treue halten.<br \/>\nEin Verein betonten beide kann nur gl\u00fccklich gef\u00fchrt werden wenn die arbeiten auch von mehreren Mitglieder getragen werden und die Arbeit der Vorstandschaft auch gemeinsam unterst\u00fctz werde.<br \/>\nWeber bat hier besonders die Mitglieder sich doch mit bereit zu erkl\u00e4ren bei den w\u00f6chentlichen Reinigungsarbeiten im Sch\u00fctzenheim Ihre Mithilfe mit anzubieten.<br \/>\nDa die zahlreiche Arbeit in einem Verein nicht nur alleine von der Vorstandschaft getragen werden k\u00f6nne.<br \/>\nWeber bat auch alle Mitglieder weiter den Verein treu zu bleiben und zu unterst\u00fctzen, da ein Verein nur mit zufriedenen Mitgliedern f\u00fcr die Zukunft gut ger\u00fcstet sei.<br \/>\nSch\u00fctzenmeister Weber freute sich besonders dass zwei der geehrten Mitglieder sogar f\u00fcr 60 j\u00e4hrige Vereinstreue ausgezeichnet werden durften.<br \/>\nWeber war ebenso erfreut dass von den 27 zu ehrenden auch 21 pers\u00f6nlich anwesend waren.<br \/>\nAnschlie\u00dfend nahm 1.Sch\u00fctzenmeister Bernhard Weber und<br \/>\n1. Gausch\u00fctzenmeister Manfred Z\u00f6lch gemeinsam die Ehrungen f\u00fcr die treuen und flei\u00dfigen \u201eGr\u00fcnthal\u201c Sch\u00fctzen Mitglieder vor.<\/p>\n<p>Hier die Liste aller zu ehrenden langj\u00e4hriger Mitglieder.<\/p>\n<p>60 Jahre Mitgliedschaft Philipp Schmid und Willi Fehr<\/p>\n<p>50 Jahre: Herbert B\u00e4uml, Gerhard Neubauer und Richard Fiedler<\/p>\n<p>25 Jahre: Martina Reichl, Anneliese Schuller, Michaela Weber, Ingrid Z\u00f6lch,<br \/>\nAndreas Ziegler, Klaus Tri\u00dfl, Gregor H\u00e4rtl und Alexander Weigl.<\/p>\n<p>Verschiedene Ehrungen verdienter Mitglieder:<\/p>\n<p>Gau \u2013Nadel in Silber: Franziska Z\u00f6lch, Theresa Schuller, Franziska Fiedler,<br \/>\nCarolin Gmeiner.<br \/>\nGau \u2013 Nadel in Gold: Claudia Kutzer, Martin Fehr, Tobias H\u00e4ring,<br \/>\nMartin Z\u00f6lch.<\/p>\n<p>Ehrennadel Klein Silber des Sch\u00fctzenbezirkes Oberpfalz: Michaela Weber<\/p>\n<p>Ehrenadel des BSSB \u201eIn Annerkennung\u201c: Tanja Beer, Rudi Rath,<br \/>\nGerald Bauer, Matthias Ziegler<br \/>\nTobias Beer.<\/p>\n<p>Zu den Fotos:<\/p>\n<p>Sitzend von links: Richard Fiedler, Willi Fehr, Philipp Schmid,<br \/>\nGerhard Neubauer, Herbert B\u00e4uml.<\/p>\n<p>Stehend von links:<br \/>\n1.Sch\u00fctzenmeister Bernhard Weber, Gregor H\u00e4rtl, Anneliese Schuller, Michaela Weber, Andreas Ziegler, 1.Gausch\u00fctzenmeister Manfred Z\u00f6lch.<\/p>\n<p>2.Foto<\/p>\n<p>Sitzend von links:<br \/>\nFranziska Z\u00f6lch, Theresa Schuller, Michaela Weber, Tanja Beer,<br \/>\nFranziska Fiedler<\/p>\n<p>Stehend von links:<br \/>\nClaudia Kutzer, Bernhard Weber, Tobias Beer, Martin Fehr, Matthias Ziegler,<br \/>\nMartin Z\u00f6lch, Rudi Rath, Gerald Bauer, Manfred Z\u00f6lch.<\/p>\n","protected":false},"excerpt":{"rendered":"<p>Ehrungen langj\u00e4hriger und verdienter Mitglieder bei den \u201eGr\u00fcnthal\u201c Sch\u00fctzen in Liebenstein Liebenstein: Im Sch\u00fctzenheim Liebenstein fand ein Ehrenabend der Sch\u00fctzengesellschaft \u201eGr\u00fcnthal\u201c Liebenstein statt. Bei diesem Anlass wurden verdiente und langj\u00e4hrige Mitglieder f\u00fcr Ihre 25, 50 und sogar 60 j\u00e4hrige Mitgliedschaft &hellip; <a href=\"http:\/\/www.gruenthal-liebenstein.de\/wordpress\/?p=138\">Weiterlesen <span class=\"meta-nav\">&rarr;<\/span><\/a><\/p>\n","protected":false},"author":1,"featured_media":0,"comment_status":"closed","ping_status":"closed","sticky":false,"template":"","format":"standard","meta":{"footnotes":""},"categories":[1],"tags":[],"class_list":["post-138","post","type-post","status-publish","format-standard","hentry","category-allgemein"],"_links":{"self":[{"href":"http:\/\/www.gruenthal-liebenstein.de\/wordpress\/index.php?rest_route=\/wp\/v2\/posts\/138","targetHints":{"allow":["GET"]}}],"collection":[{"href":"http:\/\/www.gruenthal-liebenstein.de\/wordpress\/index.php?rest_route=\/wp\/v2\/posts"}],"about":[{"href":"http:\/\/www.gruenthal-liebenstein.de\/wordpress\/index.php?rest_route=\/wp\/v2\/types\/post"}],"author":[{"embeddable":true,"href":"http:\/\/www.gruenthal-liebenstein.de\/wordpress\/index.php?rest_route=\/wp\/v2\/users\/1"}],"replies":[{"embeddable":true,"href":"http:\/\/www.gruenthal-liebenstein.de\/wordpress\/index.php?rest_route=%2Fwp%2Fv2%2Fcomments&post=138"}],"version-history":[{"count":1,"href":"http:\/\/www.gruenthal-liebenstein.de\/wordpress\/index.php?rest_route=\/wp\/v2\/posts\/138\/revisions"}],"predecessor-version":[{"id":142,"href":"http:\/\/www.gruenthal-liebenstein.de\/wordpress\/index.php?rest_route=\/wp\/v2\/posts\/138\/revisions\/142"}],"wp:attachment":[{"href":"http:\/\/www.gruenthal-liebenstein.de\/wordpress\/index.php?rest_route=%2Fwp%2Fv2%2Fmedia&parent=138"}],"wp:term":[{"taxonomy":"category","embeddable":true,"href":"http:\/\/www.gruenthal-liebenstein.de\/wordpress\/index.php?rest_route=%2Fwp%2Fv2%2Fcategories&post=138"},{"taxonomy":"post_tag","embeddable":true,"href":"http:\/\/www.gruenthal-liebenstein.de\/wordpress\/index.php?rest_route=%2Fwp%2Fv2%2Ftags&post=138"}],"curies":[{"name":"wp","href":"https:\/\/api.w.org\/{rel}","templated":true}]}}